{"id":2054,"date":"2022-06-30T09:00:00","date_gmt":"2022-06-30T07:00:00","guid":{"rendered":"https:\/\/blog.electronow.es\/?p=2054"},"modified":"2024-03-16T19:12:30","modified_gmt":"2024-03-16T17:12:30","slug":"como-dejar-el-frigorifico-en-vacaciones","status":"publish","type":"post","link":"https:\/\/www.electronow.es\/blog\/como-dejar-el-frigorifico-en-vacaciones\/","title":{"rendered":"\u00bfC\u00f3mo dejar el frigor\u00edfico en vacaciones para ahorrar? Te lo explicamos aqu\u00ed"},"content":{"rendered":"\n<p>\u00bfYa tienes todo organizado para estas vacaciones 2024? Maletas, billetes, destino\u2026. Pero no te olvides de los electrodom\u00e9sticos de casa. Recuerda que mientras estes ausente pueden quedarse desenchufados <strong>para evitar consumo fantasma.<\/strong><\/p>\n\n\n\n<p>El frigor\u00edfico es uno de los electrodom\u00e9sticos que consume m\u00e1s del 30% del consumo energ\u00e9tico del resto de electrodom\u00e9sticos. Es decir, es el electrodom\u00e9stico que m\u00e1s consume, ya que est\u00e1 todo el a\u00f1o y durante 24 horas enchufado a la corriente.<\/p>\n\n\n\n<p>Al ausentarnos de casa y dejar la nevera enchufada con la misma temperatura de funcionamiento habitual, estamos permitiendo que consuma la misma cantidad de energ\u00eda, cosa que es realmente es innecesaria y que podr\u00edamos ahorr\u00e1rnoslo en la factura de electricidad.<\/p>\n\n\n<div class=\"wp-block-image\">\n<figure class=\"aligncenter size-large\"><img fetchpriority=\"high\" decoding=\"async\" width=\"600\" height=\"500\" src=\"https:\/\/blog.electronow.es\/wp-content\/uploads\/2022\/06\/Como-dejar-el-frigorifico-en-vacaciones.jpg\" alt=\"\u00bfC\u00f3mo dejar el frigor\u00edfico en vacaciones para ahorrar? \" class=\"wp-image-2055\" srcset=\"https:\/\/www.electronow.es\/blog\/wp-content\/uploads\/2022\/06\/Como-dejar-el-frigorifico-en-vacaciones.jpg 600w, https:\/\/www.electronow.es\/blog\/wp-content\/uploads\/2022\/06\/Como-dejar-el-frigorifico-en-vacaciones-300x250.jpg 300w\" sizes=\"(max-width: 600px) 100vw, 600px\" \/><\/figure><\/div>\n\n\n<p>Lo primero en lo que pensamos al decir <strong>\u201cmodo vacaciones o ahorro\u201d <\/strong>es en desenchufar la nevera. En posible hacerlo, dej\u00e1ndola completamente limpia y vac\u00eda. Pero aqu\u00ed viene el inconveniente, al regresar de tus vacaciones no tendr\u00e1s ningun alimento para reponer la energ\u00eda del viaje.<\/p>\n\n\n\n<p>La pregunta de si es mejor apagar la nevera o dejarla encendida surge frecuentemente. Aqu\u00ed te ofrecemos una gu\u00eda pr\u00e1ctica para asegurarte de que tu frigor\u00edfico mantiene la misma eficiencia y cuidado incluso cuando no est\u00e1s en casa.<\/p>\n\n\n\n<p>En este art\u00edculo de <a href=\"http:\/\/www.electronow.es\">www.electronow.es<\/a> te explicaremos m\u00e1s acerca de el modo vacaciones de tu frigor\u00edfico, as\u00ed podr\u00e1s disfrutar de tus d\u00edas fuera de casa, ahorrando dinero en tu factura de electricidad.<\/p>\n\n\n\n<h2 class=\"wp-block-heading\"><span class=\"ez-toc-section\" id=\"%c2%bfcomo_dejar_la_nevera_durante_las_vacaciones\"><\/span><strong>\u00bfC\u00f3mo dejar la nevera durante las vacaciones?<\/strong><span class=\"ez-toc-section-end\"><\/span><\/h2>\n\n\n\n<p>Seg\u00fan los expertos, apagar el frigor\u00edfico durante periodos cortos puede que no compense apagar debido al esfuerzo que supone para el aparato volver a encender y alcanzar la temperatura ambiente \u00f3ptima.&nbsp;<\/p>\n\n\n\n<p>Por tanto, esta decisi\u00f3n depender\u00e1 del tiempo de ausencia. Si te vas de casa un fin de semana, una semana o hasta un mes, ser\u00e1 necesario que revises la fecha de caducidad de todos tus alimentos, ir consumiendo las verduras, carnes y pescados para evitar desperdiciarlos. Los envases cerrados como leche, yogurt o enlatados puedes llev\u00e1rtelos.<\/p>\n\n\n\n<p>La tecnolog\u00eda de los \u00faltimos modelos de <a href=\"https:\/\/www.electronow.es\/electrodomesticos\/frigorificos.html\">frigor\u00edficos<\/a> echa una mano si vas a estar fuera de casa por m\u00e1s tiempo. Primeras marcas en neveras incorporan en su dise\u00f1o cajones especiales Fresh que ayudan a mantener tus alimentos, como carne, frutas o pescado frescos por mucho m\u00e1s tiempo. Al regresar a casa despu\u00e9s de una semana en la playa encontrar\u00e1s tus alimentos en condiciones. Si demoras m\u00e1s tiempo, te recomendamos congelar las carnes y el pescado. Si tu ausencia es mayor a una semana, es mejor no dejar nada en el frigor\u00edfico y conectar el modo vacaciones. Si es as\u00ed, es necesario hacer una limpieza total de los cajones y baldas. Si te preocupan los malos olores, puedes dejar un recipiente con un lim\u00f3n cortado o con bicarbonato.<\/p>\n\n\n<div class=\"wp-block-image\">\n<figure class=\"aligncenter size-large is-resized\"><img decoding=\"async\" width=\"600\" height=\"500\" src=\"https:\/\/blog.electronow.es\/wp-content\/uploads\/2022\/06\/Como-dejar-la-nevera-durante-las-vacaciones.jpg\" alt=\"\u00bfC\u00f3mo dejar la nevera durante las vacaciones?\" class=\"wp-image-2058\" style=\"width:600px;height:500px\" srcset=\"https:\/\/www.electronow.es\/blog\/wp-content\/uploads\/2022\/06\/Como-dejar-la-nevera-durante-las-vacaciones.jpg 600w, https:\/\/www.electronow.es\/blog\/wp-content\/uploads\/2022\/06\/Como-dejar-la-nevera-durante-las-vacaciones-300x250.jpg 300w\" sizes=\"(max-width: 600px) 100vw, 600px\" \/><\/figure><\/div>\n\n\n<h2 class=\"wp-block-heading\"><span class=\"ez-toc-section\" id=\"%c2%bfque_es_y_como_funciona_el_modo_vacaciones\"><\/span><strong>\u00bfQu\u00e9 es y c\u00f3mo funciona el modo vacaciones?<\/strong><span class=\"ez-toc-section-end\"><\/span><\/h2>\n\n\n\n<p>Como primer consejo no te recomendamos desenchufar tu frigor\u00edfico en tu ausencia, ya que, el gas que utiliza para funcionar se desestabiliza y, al volver a enchufarla, tardar\u00e1 m\u00e1s en llegar a la temperatura de servicio lo cual har\u00e1 que se consuma m\u00e1s energ\u00eda.<\/p>\n\n\n\n<p>Si tu frigor\u00edfico cuenta con la opci\u00f3n \u201cmodo vacaciones\u201d, ayudar\u00e1 a controlar el consumo energ\u00e9tico durante tu ausencia. Al activarlo, la temperatura <strong>de la nevera se mantendr\u00e1 en una temperatura de entre 4\u00baC a 14\u00baC<\/strong>. Sin embargo, reiteramos que debes dejar la nevera libre de alimentos perecederos. El congelador continuar\u00e1 funcionando con normalidad para mantener tus alimentos en buen estado hasta tu regreso.<\/p>\n\n\n\n<h2 class=\"wp-block-heading\"><span class=\"ez-toc-section\" id=\"%c2%bfcomo_se_activa_el_modo_vacaciones\"><\/span><strong>\u00bfC\u00f3mo se activa el modo vacaciones?<\/strong><span class=\"ez-toc-section-end\"><\/span><\/h2>\n\n\n\n<p>Activar esta opci\u00f3n es muy sencillo, no es necesario abrir el frigor\u00edfico para ajustar la temperatura, desde el display exterior (si tiene este panel) solo tienes que seleccionarlo.<\/p>\n\n\n\n<p>Si tienes un frigor\u00edfico con conexi\u00f3n inteligente, desde tu m\u00f3vil <strong>puedes entrar a la app de la marca o modelo y puedes activarlo directamente<\/strong>. Al volver a casa deber\u00e1s desactivar esta funci\u00f3n, la temperatura se reestablecer\u00e1 nuevamente.<\/p>\n\n\n\n<h3 class=\"wp-block-heading\"><span class=\"ez-toc-section\" id=\"dudas_sobre_los_frigorificos_en_vacaciones\"><\/span><strong>Dudas sobre los frigor\u00edficos en vacaciones<\/strong><span class=\"ez-toc-section-end\"><\/span><\/h3>\n\n\n\n<ul class=\"wp-block-list\">\n<li>\u00bfSe estropea una nevera desenchufada? Los fabricantes normalmente recomiendan desenchufar tu nevera si vas a estar ausente durante varios meses. Sin embargo, si solo estas fueran una semana, debes considerar que puede perder su eficacia.<\/li>\n<\/ul>\n\n\n\n<ul class=\"wp-block-list\">\n<li>\u00bfEs necesario dejar la nevera apagada y cerrada? Si dejas el frigor\u00edfico desenchufado de la corriente, es decir, lo est\u00e1s dejando complementa apagado, te recomendamos dejarlo abierto para evitar la formaci\u00f3n de humedad que puede provocar bacterias y concentraci\u00f3n de malos olores.<\/li>\n<\/ul>\n\n\n\n<h2 class=\"wp-block-heading\"><span class=\"ez-toc-section\" id=\"%c2%bfcomo_dejar_el_frigorifico_si_voy_a_estar_fuera_unos_meses\"><\/span>\u00bfC\u00f3mo dejar el frigorifico si voy a estar fuera unos meses?<span class=\"ez-toc-section-end\"><\/span><\/h2>\n\n\n\n<p>Para vacaciones o ausencias prolongadas, conviene apagar para ahorrar energ\u00eda y prolongar la vida \u00fatil del electrodom\u00e9stico.<\/p>\n\n\n\n<h3 class=\"wp-block-heading\"><span class=\"ez-toc-section\" id=\"pasos_para_apagar_tu_frigorifico_correctamente\"><\/span>Pasos para apagar tu frigor\u00edfico correctamente<span class=\"ez-toc-section-end\"><\/span><\/h3>\n\n\n\n<ul class=\"wp-block-list\">\n<li>Vac\u00eda completamente tu frigor\u00edfico de alimentos. Una nevera vac\u00eda es esencial para evitar malos olores y la proliferaci\u00f3n de bacterias por humedad.<\/li>\n\n\n\n<li>Limpia el interior con un pa\u00f1o h\u00famedo para evitar que se creen bacterias.<\/li>\n\n\n\n<li>Despu\u00e9s apaga el frigor\u00edfico utilizando los botones internos o, si es necesario, desenchufar directamente del tomacorriente.<\/li>\n\n\n\n<li>Dejar la puerta abierta para evitar la formaci\u00f3n de olores bacterias. Una puerta abierta para evitar el ambiente h\u00famedo cerrado es crucial.<\/li>\n<\/ul>\n\n\n\n<h3 class=\"wp-block-heading\"><span class=\"ez-toc-section\" id=\"%c2%bfdebo_apagar_el_congelador_si_estoy_fuera_varios_meses\"><\/span>\u00bfDebo apagar el congelador si estoy fuera varios meses?<span class=\"ez-toc-section-end\"><\/span><\/h3>\n\n\n\n<p>La decisi\u00f3n de apagar el congelador debe tomarse con la misma consideraci\u00f3n. Si decides apagarlo, aseg\u00farate de despachar o consumir los alimentos congelados previamente. Dejarlo encendido puede ser m\u00e1s conveniente si contiene productos de largo plazo que no quieres desperdiciar.<\/p>\n\n\n\n<p><\/p>\n\n\n\n<h4 class=\"wp-block-heading\"><span class=\"ez-toc-section\" id=\"beneficios_de_seguir_estos_consejos\"><\/span><strong>Beneficios de Seguir Estos Consejos<\/strong><span class=\"ez-toc-section-end\"><\/span><\/h4>\n\n\n\n<p><strong>Ahorro Econ\u00f3mico Significativo<\/strong><\/p>\n\n\n\n<p>Seguir estas recomendaciones no es s\u00f3lo una medida para cuidar tu frigor\u00edfico, sino tambi\u00e9n una estrategia inteligente para tu bolsillo. Al implementar estos consejos, notar\u00e1s una disminuci\u00f3n considerable en la factura de electricidad. Este ahorro se produce porque reduces al m\u00ednimo el consumo de energ\u00eda del frigor\u00edfico, uno de los electrodom\u00e9sticos que m\u00e1s electricidad consume en el hogar. Al estar fuera, y sin necesidad de mantener tus alimentos frescos, ajustar el funcionamiento de tu aparato puede representar un ahorro econ\u00f3mico notable.<\/p>\n\n\n\n<p><strong>Prolongaci\u00f3n de la Vida \u00datil de tu nevera<\/strong><\/p>\n\n\n\n<p>El cuidado de los electrodom\u00e9sticos es fundamental para su durabilidad, y el frigor\u00edfico no es la excepci\u00f3n. Al seguir estos consejos, evitar\u00e1s que tu frigor\u00edfico trabaje m\u00e1s de lo necesario durante tu ausencia. Este descanso no s\u00f3lo contribuye a un menor desgaste de sus componentes internos, sino que tambi\u00e9n previene posibles aver\u00edas causadas por el sobreesfuerzo continuo. En consecuencia, la vida \u00fatil de tu frigor\u00edfico se ver\u00e1 significativamente prolongada, lo que significa un ahorro a largo plazo, al evitar reparaciones costosas o la necesidad de reemplazar el aparato prematuramente.<\/p>\n\n\n\n<p><strong>Compromiso con el medio ambiente<\/strong><\/p>\n\n\n\n<p>Cada acci\u00f3n cuenta cuando se trata de cuidar nuestro planeta, y ajustar el funcionamiento de tu frigor\u00edfico mientras est\u00e1s de vacaciones es un peque\u00f1o pero significativo gesto de responsabilidad ambiental. Al reducir el consumo energ\u00e9tico de tu hogar, contribuyes a la disminuci\u00f3n de la demanda de energ\u00eda el\u00e9ctrica, lo cual tiene un impacto positivo en el medio ambiente. Este gesto ayuda a reducir las emisiones de carbono y promueve un uso m\u00e1s sostenible de los recursos. Adoptar pr\u00e1cticas responsables con nuestros electrodom\u00e9sticos es un paso hacia un futuro m\u00e1s verde y sostenible para todos.<\/p>\n\n\n\n<p><\/p>\n\n\n\n<h4 class=\"wp-block-heading\"><span class=\"ez-toc-section\" id=\"conclusion_un_regreso_tranquilo_a_casa\"><\/span>Conclusi\u00f3n: Un regreso tranquilo a casa<span class=\"ez-toc-section-end\"><\/span><\/h4>\n\n\n\n<p>Preparar tu frigor\u00edfico para las vacaciones es un paso esencial para garantizar que a tu regreso, te encuentres con un hogar armonioso y sin sorpresas desagradables. Siguiendo estos consejos, no solo evitar\u00e1s la proliferaci\u00f3n de bacterias y malos olores, sino que tambi\u00e9n contribuir\u00e1s al ahorro energ\u00e9tico y a la prolongaci\u00f3n de la vida \u00fatil de tu electrodom\u00e9stico. Recuerda, un peque\u00f1o esfuerzo antes de partir puede significar un gran alivio al volver.<\/p>\n","protected":false},"excerpt":{"rendered":"<p>Frigor\u00edfico modo vacaciones, perfecto para ahorrar en el consumo de energ\u00eda durante tu ausencia. \u00a1Seguir leyendo!<\/p>\n","protected":false},"author":6,"featured_media":2055,"comment_status":"closed","ping_status":"closed","sticky":false,"template":"","format":"standard","meta":{"_acf_changed":false,"footnotes":""},"categories":[43],"tags":[72],"class_list":["post-2054","post","type-post","status-publish","format-standard","has-post-thumbnail","hentry","category-consejos","tag-frigorificos"],"acf":[],"_links":{"self":[{"href":"https:\/\/www.electronow.es\/blog\/wp-json\/wp\/v2\/posts\/2054","targetHints":{"allow":["GET"]}}],"collection":[{"href":"https:\/\/www.electronow.es\/blog\/wp-json\/wp\/v2\/posts"}],"about":[{"href":"https:\/\/www.electronow.es\/blog\/wp-json\/wp\/v2\/types\/post"}],"author":[{"embeddable":true,"href":"https:\/\/www.electronow.es\/blog\/wp-json\/wp\/v2\/users\/6"}],"replies":[{"embeddable":true,"href":"https:\/\/www.electronow.es\/blog\/wp-json\/wp\/v2\/comments?post=2054"}],"version-history":[{"count":10,"href":"https:\/\/www.electronow.es\/blog\/wp-json\/wp\/v2\/posts\/2054\/revisions"}],"predecessor-version":[{"id":3492,"href":"https:\/\/www.electronow.es\/blog\/wp-json\/wp\/v2\/posts\/2054\/revisions\/3492"}],"wp:featuredmedia":[{"embeddable":true,"href":"https:\/\/www.electronow.es\/blog\/wp-json\/wp\/v2\/media\/2055"}],"wp:attachment":[{"href":"https:\/\/www.electronow.es\/blog\/wp-json\/wp\/v2\/media?parent=2054"}],"wp:term":[{"taxonomy":"category","embeddable":true,"href":"https:\/\/www.electronow.es\/blog\/wp-json\/wp\/v2\/categories?post=2054"},{"taxonomy":"post_tag","embeddable":true,"href":"https:\/\/www.electronow.es\/blog\/wp-json\/wp\/v2\/tags?post=2054"}],"curies":[{"name":"wp","href":"https:\/\/api.w.org\/{rel}","templated":true}]}}