{"id":2617,"date":"2023-03-16T12:20:38","date_gmt":"2023-03-16T10:20:38","guid":{"rendered":"https:\/\/www.electronow.es\/blog\/?p=2617"},"modified":"2023-03-16T12:40:15","modified_gmt":"2023-03-16T10:40:15","slug":"1-por-que-sube-el-precio-de-la-luz-en-espana-medidas-y-prevision-de-baja","status":"publish","type":"post","link":"https:\/\/www.electronow.es\/blog\/1-por-que-sube-el-precio-de-la-luz-en-espana-medidas-y-prevision-de-baja\/","title":{"rendered":"1. Por qu\u00e9 sube el precio de la luz en Espa\u00f1a. Medidas y previsi\u00f3n de baja"},"content":{"rendered":"\t\t<div data-elementor-type=\"wp-post\" data-elementor-id=\"2617\" class=\"elementor elementor-2617\">\n\t\t\t\t\t\t<section class=\"elementor-section elementor-top-section elementor-element elementor-element-1d9f12d0 elementor-section-boxed elementor-section-height-default elementor-section-height-default\" data-id=\"1d9f12d0\" data-element_type=\"section\" data-e-type=\"section\" data-settings=\"{&quot;jet_parallax_layout_list&quot;:[]}\">\n\t\t\t\t\t\t<div class=\"elementor-container elementor-column-gap-default\">\n\t\t\t\t\t<div class=\"elementor-column elementor-col-100 elementor-top-column elementor-element elementor-element-5358f04d\" data-id=\"5358f04d\" data-element_type=\"column\" data-e-type=\"column\">\n\t\t\t<div class=\"elementor-widget-wrap elementor-element-populated\">\n\t\t\t\t\t\t<div class=\"elementor-element elementor-element-4b365b57 elementor-widget elementor-widget-text-editor\" data-id=\"4b365b57\" data-element_type=\"widget\" data-e-type=\"widget\" data-widget_type=\"text-editor.default\">\n\t\t\t\t<div class=\"elementor-widget-container\">\n\t\t\t\t\t\t\t\t\t\n<div class=\"wp-block-image\">\n<figure class=\"aligncenter size-large\"><img fetchpriority=\"high\" decoding=\"async\" width=\"624\" height=\"416\" class=\"wp-image-2618\" src=\"https:\/\/www.electronow.es\/blog\/wp-content\/uploads\/2023\/03\/Por-que-sube-el-precio-de-la-luz-en-Espana.jpg\" alt=\"Por qu\u00e9 sube el precio de la luz en Espa\u00f1a. Medidas y previsi\u00f3n de baja\" srcset=\"https:\/\/www.electronow.es\/blog\/wp-content\/uploads\/2023\/03\/Por-que-sube-el-precio-de-la-luz-en-Espana.jpg 624w, https:\/\/www.electronow.es\/blog\/wp-content\/uploads\/2023\/03\/Por-que-sube-el-precio-de-la-luz-en-Espana-300x200.jpg 300w\" sizes=\"(max-width: 624px) 100vw, 624px\" \/><\/figure>\n<\/div>\n\n\n\n<p>El precio de la luz en nuestro pa\u00eds no ha dejado de incrementarse en el \u00faltimo a\u00f1o, superando incluso la barrera de los 500 \u20ac\/MWh, pero, \u00bfqu\u00e9 par\u00e1metros explican esta subida? Conocer de qu\u00e9 forma afectas estos par\u00e1metros y las medidas que se est\u00e1n tomando por parte del Estado para frenar la subida de electricidad, te ayudara a tomar las decisiones m\u00e1s adecuadas para comprar tu energ\u00eda y conocer su previsi\u00f3n.<\/p>\n\n\n\n<h2 class=\"wp-block-heading\"><span class=\"ez-toc-section\" id=\"parametros_que_provocan_la_subida_de_la_luz_en_espana\"><\/span>Par\u00e1metros que provocan la subida de la luz en Espa\u00f1a<span class=\"ez-toc-section-end\"><\/span><\/h2>\n\n\n\n<h3 class=\"wp-block-heading\"><span class=\"ez-toc-section\" id=\"el_incremento_del_precio_del_gas\"><\/span>El incremento del precio del gas<span class=\"ez-toc-section-end\"><\/span><\/h3>\n\n\n\n<p>El principal culpable del encarecimiento del precio de la luz, es el incremento del precio del gas, como consecuencia de la situaci\u00f3n provocada por la guerra entre Ucrania y Rusia.<\/p>\n\n\n\n<p>Esto se debe a que, tanto en Espa\u00f1a como en el resto de Europa, el gas es una de las materias primas m\u00e1s empleadas para la producci\u00f3n de electricidad, a trav\u00e9s de un sistema llamado ciclo combinado, de gas y vapor.<\/p>\n\n\n\n<p>Dicho sistema, al ser uno de los m\u00e1s caros para la generaci\u00f3n de energ\u00eda el\u00e9ctrica, provocando que el precio del gas natural determine el <a href=\"https:\/\/preciogas.com\/suministro-luz\/tarifas-luz\/evolucion-precio-kwh-luz\" rel=\"dofollow noopener\" target=\"_blank\">precio de la luz hoy hora a hora<\/a> en el mercado energ\u00e9tico.<\/p>\n\n\n\n<h3 class=\"wp-block-heading\"><span class=\"ez-toc-section\" id=\"el_poco_peso_de_las_energias_renovables\"><\/span>El poco peso de las energ\u00edas renovables<span class=\"ez-toc-section-end\"><\/span><\/h3>\n\n\n\n<p>Al igual que el gas se sit\u00faa en una de las materias primas m\u00e1s caras para la generaci\u00f3n de electricidad, las energ\u00edas renovables, por el contrario, son las m\u00e1s baratas.<\/p>\n\n\n\n<p>Por tanto, a no ser que haya suficiente lluvia o viento para que tenga el peso suficiente en la fijaci\u00f3n del precio de la luz, el precio de la luz seguir\u00e1 subiendo y dependiendo de los ciclos combinados.<\/p>\n\n\n\n<p>Adem\u00e1s, en nuestro pa\u00eds seguimos teniendo una gran dependencia energ\u00e9tica de las importaciones, pues todav\u00eda no tenemos la capacidad de autoabastecernos de energ\u00eda renovable.<\/p>\n\n\n\n<h3 class=\"wp-block-heading\"><span class=\"ez-toc-section\" id=\"el_incremento_de_la_demanda_energetica_de_los_consumidores\"><\/span>El incremento de la demanda energ\u00e9tica de los consumidores<span class=\"ez-toc-section-end\"><\/span><\/h3>\n\n\n\n<p>La ley de la oferta y la demanda juega un papel crucial en la subida de la luz, de ah\u00ed que sea muy frecuente que se produzca en los meses de diciembre, enero, julio y agosto, durante las horas de mayor consumo del d\u00eda.<\/p>\n\n\n\n<p>Asimismo, cabe destacar que el efecto pandemia, provoc\u00f3 un efecto rebote que dispar\u00f3 el coste de gas tras la reapertura econ\u00f3mica y mundial.<\/p>\n\n\n\n<h2 class=\"wp-block-heading\"><span class=\"ez-toc-section\" id=\"medidas_del_estado_para_frenar_la_subida_de_la_luz\"><\/span>Medidas del Estado para frenar la subida de la luz<span class=\"ez-toc-section-end\"><\/span><\/h2>\n\n\n\n<p>Ante esta situaci\u00f3n de escalada imparable del precio de la luz, el Gobierno ha puesto en marcha una serie de medidas para frenar el impacto de esta subida en los consumidores.<\/p>\n\n\n\n<ul class=\"wp-block-list\">\n<li>El <strong>tope de gas <\/strong>se trata de una medida temporal, conocida como \u201cexcepci\u00f3n ib\u00e9rica\u201d, que limita el precio del gas que se utiliza para la generaci\u00f3n de electricidad. Se estima que esto rebajar\u00e1 el coste el precio del gas en torno a un 38% en el mercado mayorista, reflej\u00e1ndose en una reducci\u00f3n del 15% de la factura de luz de los consumidores<\/li>\n<\/ul>\n\n\n\n<ul class=\"wp-block-list\">\n<li>El <strong>Nuevo Bono Social El\u00e9ctrico 2023<\/strong>, supondr\u00e1 un 40% de descuento en las facturas de la luz de los hogares, cuya renta anual no exceda los 16.212,56 \u20ac<\/li>\n<\/ul>\n\n\n\n<ul class=\"wp-block-list\">\n<li>Las <strong>Rebajas de impuestos<\/strong>, desde el 1 de julio de 2022, el IVA ha asado del 10 al 5%, mientras que el impuesto de la electricidad se ha mantenido del 5,11 al 0,5%.<\/li>\n<\/ul>\n\n\n\n<h2 class=\"wp-block-heading\"><span class=\"ez-toc-section\" id=\"%c2%bfcuando_bajara_el_precio_de_la_luz_evolucion_del_megavatio_hora_en_espana\"><\/span>\u00bfCu\u00e1ndo bajar\u00e1 el precio de la luz? Evoluci\u00f3n del megavatio hora en Espa\u00f1a<span class=\"ez-toc-section-end\"><\/span><\/h2>\n\n\n\n<p>Para hacernos una idea de cuanto ha subido la luz, seg\u00fan los c\u00e1lculos de la OCU, en 2022 la fue de un 25% con respecto al a\u00f1o anterior, con una media de 144,13 \u20ac mensuales. Con esta tendencia, claramente al alza, es dif\u00edcil estimar cuando bajar\u00e1 el precio de la luz.<\/p>\n\n\n\n<p>Las medidas propuestas por el Gobierno comienzan a influir en las facturas de los consumidores, se puede observar en gr\u00e1fico la tendencia a la baja, a partir de junio de 2022, cuando entr\u00f3 en vigor el tope del gas. Sin embargo, todo esto est\u00e1 ocurriendo a un ritmo distinto del esperado. Hasta que la situaci\u00f3n geopol\u00edtica se estabilice, como la guerra entre Rusia y Ucrania, al Gobierno no le queda m\u00e1s remedio que confiar en las medidas propuestas para frenar el impacto del precio del kWh en las facturas de los usuarios.<\/p>\n\n\n\n<figure class=\"wp-block-image size-large\"><img decoding=\"async\" width=\"611\" height=\"319\" class=\"wp-image-2619\" src=\"https:\/\/www.electronow.es\/blog\/wp-content\/uploads\/2023\/03\/Cuando-bajara-el-precio-de-la-luz.png\" alt=\"\u00bfCu\u00e1ndo bajar\u00e1 el precio de la luz? Evoluci\u00f3n del megavatio hora en Espa\u00f1a\" srcset=\"https:\/\/www.electronow.es\/blog\/wp-content\/uploads\/2023\/03\/Cuando-bajara-el-precio-de-la-luz.png 611w, https:\/\/www.electronow.es\/blog\/wp-content\/uploads\/2023\/03\/Cuando-bajara-el-precio-de-la-luz-300x157.png 300w\" sizes=\"(max-width: 611px) 100vw, 611px\" \/><\/figure>\n\n\n\n<p>&nbsp;<\/p>\n\t\t\t\t\t\t\t\t<\/div>\n\t\t\t\t<\/div>\n\t\t\t\t\t<\/div>\n\t\t<\/div>\n\t\t\t\t\t<\/div>\n\t\t<\/section>\n\t\t\t\t<\/div>\n\t\t","protected":false},"excerpt":{"rendered":"<p>\u00bfQuieres saber por qu\u00e9 sube el precio de la luz en Espa\u00f1a? Aqu\u00ed te lo contamos&#8230;<\/p>\n","protected":false},"author":1,"featured_media":2618,"comment_status":"closed","ping_status":"closed","sticky":false,"template":"","format":"standard","meta":{"_acf_changed":false,"footnotes":""},"categories":[4],"tags":[],"class_list":["post-2617","post","type-post","status-publish","format-standard","has-post-thumbnail","hentry","category-innovacion"],"acf":[],"_links":{"self":[{"href":"https:\/\/www.electronow.es\/blog\/wp-json\/wp\/v2\/posts\/2617","targetHints":{"allow":["GET"]}}],"collection":[{"href":"https:\/\/www.electronow.es\/blog\/wp-json\/wp\/v2\/posts"}],"about":[{"href":"https:\/\/www.electronow.es\/blog\/wp-json\/wp\/v2\/types\/post"}],"author":[{"embeddable":true,"href":"https:\/\/www.electronow.es\/blog\/wp-json\/wp\/v2\/users\/1"}],"replies":[{"embeddable":true,"href":"https:\/\/www.electronow.es\/blog\/wp-json\/wp\/v2\/comments?post=2617"}],"version-history":[{"count":4,"href":"https:\/\/www.electronow.es\/blog\/wp-json\/wp\/v2\/posts\/2617\/revisions"}],"predecessor-version":[{"id":2623,"href":"https:\/\/www.electronow.es\/blog\/wp-json\/wp\/v2\/posts\/2617\/revisions\/2623"}],"wp:featuredmedia":[{"embeddable":true,"href":"https:\/\/www.electronow.es\/blog\/wp-json\/wp\/v2\/media\/2618"}],"wp:attachment":[{"href":"https:\/\/www.electronow.es\/blog\/wp-json\/wp\/v2\/media?parent=2617"}],"wp:term":[{"taxonomy":"category","embeddable":true,"href":"https:\/\/www.electronow.es\/blog\/wp-json\/wp\/v2\/categories?post=2617"},{"taxonomy":"post_tag","embeddable":true,"href":"https:\/\/www.electronow.es\/blog\/wp-json\/wp\/v2\/tags?post=2617"}],"curies":[{"name":"wp","href":"https:\/\/api.w.org\/{rel}","templated":true}]}}