{"id":4510,"date":"2025-02-11T04:28:25","date_gmt":"2025-02-11T02:28:25","guid":{"rendered":"https:\/\/www.electronow.es\/blog\/?p=4510"},"modified":"2026-04-14T11:03:57","modified_gmt":"2026-04-14T09:03:57","slug":"que-es-un-frigorifico-integrable","status":"publish","type":"post","link":"https:\/\/www.electronow.es\/blog\/que-es-un-frigorifico-integrable\/","title":{"rendered":"Frigor\u00edfico integrable: qu\u00e9 es, tipos y c\u00f3mo elegirlo"},"content":{"rendered":"<style>.post-4510 .jupiterx-post-image{display:none!important}<\/style>\n<p>Un frigor\u00edfico integrable no es simplemente uno que cabe en un mueble: es un modelo dise\u00f1ado espec\u00edficamente para ventilar por el frontal, porque laterales y trasera van cubiertos por el mueble. Si instalas un convencional en ese hueco sin ventilaci\u00f3n lateral, el compresor trabaja a temperaturas que no soporta y el aparato dura la mitad.<\/p>\n<p><img fetchpriority=\"high\" decoding=\"async\" src=\"https:\/\/www.electronow.es\/blog\/wp-content\/uploads\/2025\/02\/USED2-scaled.jpg\" alt=\"frigor\u00edfico integrable en cocina moderna con muebles a juego\" style=\"width:100%;max-width:700px;height:auto;border-radius:6px;display:block;margin:20px auto;\" width=\"800\" height=\"600\"\/><\/p>\n<table>\n<thead>\n<tr>\n<th>Tipo<\/th>\n<th>Altura<\/th>\n<th>Ideal para<\/th>\n<\/tr>\n<\/thead>\n<tbody>\n<tr>\n<td>Combi integrable<\/td>\n<td>177 \u2013 194 cm<\/td>\n<td>Familias, uso habitual<\/td>\n<\/tr>\n<tr>\n<td>Dos puertas integrable<\/td>\n<td>177 \u2013 194 cm<\/td>\n<td>Cocinas con espacio est\u00e1ndar<\/td>\n<\/tr>\n<tr>\n<td>Una puerta integrable<\/td>\n<td>175 \u2013 179 cm<\/td>\n<td>Cocinas compactas o segundas neveras<\/td>\n<\/tr>\n<tr>\n<td>Bajo encimera<\/td>\n<td>82 \u2013 88 cm<\/td>\n<td>Estudios, cocinas peque\u00f1as<\/td>\n<\/tr>\n<\/tbody>\n<\/table>\n<h2><span class=\"ez-toc-section\" id=\"1_%c2%bfque_diferencia_a_un_frigorifico_integrable_de_uno_convencional\"><\/span><span class=\"ez-toc-section\" id=\"1_que_diferencia_frigorifico_integrable_convencional\"><\/span>1. \u00bfQu\u00e9 diferencia a un frigor\u00edfico integrable de uno convencional?<span class=\"ez-toc-section-end\"><\/span><span class=\"ez-toc-section-end\"><\/span><\/h2>\n<p>La diferencia no es solo est\u00e9tica. Hay tres aspectos t\u00e9cnicos que no se pueden ignorar antes de comprar:<\/p>\n<ol>\n<li><strong>La ventilaci\u00f3n va por el frontal<\/strong>: Los modelos convencionales ventilan por la trasera o los laterales. Los integrables lo hacen exclusivamente por rejillas frontales, superiores e inferiores. Si metes un convencional en un mueble cerrado, las rejillas traseras quedan bloqueadas y el compresor empieza a sobrecalentarse. La norma europea EN 62552 exige que los integrables mantengan la temperatura correcta con ventilaci\u00f3n solo frontal.<\/li>\n<li><strong>El sistema de bisagra deslizante<\/strong>: El integrable lleva un mecanismo especial para fijar la puerta del mueble sobre la puerta del frigor\u00edfico, de modo que se mueven a la vez. Esa bisagra necesita ajuste preciso: ni muy apretada \u2014la puerta no cierra bien\u2014 ni muy suelta \u2014se desalinea con el tiempo y la junta pierde adherencia.<\/li>\n<li><strong>Menor capacidad por tama\u00f1o exterior<\/strong>: Con las mismas dimensiones exteriores, un integrable tiene entre 10 y 15 litros menos que uno de libre instalaci\u00f3n. Parte del volumen lo ocupa el sistema de ventilaci\u00f3n frontal y los elementos de sujeci\u00f3n de la puerta del mueble. No es un defecto: es el precio de la integraci\u00f3n.<\/li>\n<\/ol>\n<h2><span class=\"ez-toc-section\" id=\"2_tipos_de_frigorificos_integrables_segun_tu_espacio\"><\/span><span class=\"ez-toc-section\" id=\"2_tipos_frigorificos_integrables\"><\/span>2. Tipos de frigor\u00edficos integrables seg\u00fan tu espacio<span class=\"ez-toc-section-end\"><\/span><span class=\"ez-toc-section-end\"><\/span><\/h2>\n<p>El formato correcto depende del hueco disponible y de si ya tienes congelador o no. Hay cuatro opciones reales en el mercado:<\/p>\n<ol>\n<li><strong>Combi integrable<\/strong>: nevera y congelador en un cuerpo. Es el m\u00e1s vendido. Las alturas est\u00e1ndar son 177 cm y 193 cm, con un ancho de 54 cm. Si el mueble de cocina es est\u00e1ndar, lo m\u00e1s probable es que tengas un hueco de esas medidas exactas.<\/li>\n<li><strong>Dos puertas integrable<\/strong>: el congelador va arriba y la nevera abajo \u2014o al rev\u00e9s, seg\u00fan el modelo. Tiene m\u00e1s capacidad de nevera que un combi equivalente, pero el congelador es m\u00e1s peque\u00f1o. \u00datil si ya tienes un arc\u00f3n congelador independiente.<\/li>\n<li><strong>Una puerta integrable<\/strong>: solo zona de refrigeraci\u00f3n, sin congelador. Lo usan mucho como segunda nevera para bebidas, frutas y verduras. Tambi\u00e9n en cocinas de dise\u00f1o donde el congelador va en otro m\u00f3dulo separado.<\/li>\n<li><strong>Bajo encimera integrable<\/strong>: altura de entre 82 y 88 cm, cabe bajo la encimera. Capacidad limitada \u2014entre 80 y 140 litros normalmente\u2014 pero en cocinas peque\u00f1as o estudios es la \u00fanica opci\u00f3n viable para integrarlo en el mobiliario.<\/li>\n<\/ol>\n<h2><span class=\"ez-toc-section\" id=\"3_como_elegir_el_frigorifico_integrable_adecuado\"><\/span><span class=\"ez-toc-section\" id=\"3_como_elegir_frigorifico_integrable\"><\/span>3. C\u00f3mo elegir el frigor\u00edfico integrable adecuado<span class=\"ez-toc-section-end\"><\/span><span class=\"ez-toc-section-end\"><\/span><\/h2>\n<p>Antes de mirar modelos, mide el hueco tres veces: ancho, alto y fondo. El error m\u00e1s com\u00fan es comprar por el alto y olvidarse del fondo \u2014el aparato tiene que entrar con margen para el cable y la manguera de desag\u00fce si lleva. Tambi\u00e9n hay que dejar el espacio m\u00ednimo de ventilaci\u00f3n que indica el manual, normalmente 2-3 cm en la parte trasera aunque las rejillas sean frontales.<\/p>\n<ol>\n<li><strong>La capacidad seg\u00fan el n\u00famero de personas<\/strong>: para dos personas, con 200-250 litros de nevera es suficiente. Para cuatro personas, entre 270 y 320 litros. Por encima de 350 litros en el formato de 54 cm de ancho empieza a ser dif\u00edcil de encontrar.<\/li>\n<li><strong>La eficiencia energ\u00e9tica importa m\u00e1s a largo plazo<\/strong>: en la escala actualizada post-2021, los integrables van de clase A a clase F. La diferencia entre un modelo clase A y uno clase E puede ser de 40-60 euros al a\u00f1o. En diez a\u00f1os, es un argumento de compra que cambia la decisi\u00f3n.<\/li>\n<li><strong>NoFrost en integrables vale m\u00e1s<\/strong>: descongelar manualmente un frigor\u00edfico empotrado en un mueble es bastante m\u00e1s inc\u00f3modo que hacerlo con uno de libre instalaci\u00f3n. Si el presupuesto lo permite, el NoFrost se amortiza en comodidad.<\/li>\n<li><strong>Comprueba la bisagra de la puerta antes de comprar<\/strong>: en tienda f\u00edsica, pide ver c\u00f3mo funciona el mecanismo deslizante. Las bisagras de calidad tienen un movimiento suave y sin holgura. Las de gama baja tienden a desalinearse despu\u00e9s de dos o tres a\u00f1os de uso.<\/li>\n<\/ol>\n<p>De los tres modelos que hemos incluido, el <a href=\"https:\/\/www.electronow.es\/haier-hbqw5518e-frigorifico-combi-nofrost-e-alto-177-cm-ancho-54-cm-blanco.html\" rel=\"nofollow\">Haier HBQW5518E<\/a> (combi NoFrost, 177 cm) es el m\u00e1s equilibrado para una familia de 3-4 personas: ventila bien por el frontal, el sistema de bisagra es fiable y la clase E de eficiencia est\u00e1 en la media de precio de este tipo de producto.<\/p>\n<h2><span class=\"ez-toc-section\" id=\"4_instalacion_y_mantenimiento_lo_que_debes_saber\"><\/span><span class=\"ez-toc-section\" id=\"4_instalacion_mantenimiento_frigorifico_integrable\"><\/span>4. Instalaci\u00f3n y mantenimiento: lo que debes saber<span class=\"ez-toc-section-end\"><\/span><span class=\"ez-toc-section-end\"><\/span><\/h2>\n<p>La instalaci\u00f3n no la hagas solo si no tienes experiencia con herramientas de precisi\u00f3n. El mecanismo de bisagra deslizante tiene tolerancias muy ajustadas y si la puerta del mueble no queda perfectamente nivelada, la junta del frigor\u00edfico no cierra bien y el motor trabaja el doble. El coste de una instalaci\u00f3n profesional compensa con creces el riesgo de una mala alineaci\u00f3n.<\/p>\n<ol>\n<li><strong>Limpia las juntas de goma cada dos meses<\/strong>: las gomas acumulan suciedad y humedad. Una junta sucia se vuelve porosa y pierde adherencia. Agua tibia con jab\u00f3n neutro y un trapo es suficiente. No uses lej\u00eda: deteriora el material.<\/li>\n<li><strong>Verifica la temperatura cada seis meses con term\u00f3metro<\/strong>: los integrables, al estar m\u00e1s encajados que los libres, tienden a trabajar algo m\u00e1s calientes. Si supera los 6\u00b0C de forma constante, algo falla \u2014empieza revisando que las rejillas frontales est\u00e9n despejadas.<\/li>\n<li><strong>No bloquees las rejillas de ventilaci\u00f3n frontales<\/strong>: el felpudo de la cocina, una bolsa de basura o incluso la pelusa pueden obstruirlas. Las rejillas bloqueadas son la primera causa de sobrecalentamiento en integrables.<\/li>\n<li><strong>Al sustituir el aparato, aprovecha para revisar el mueble<\/strong>: comprueba que el hueco no haya sufrido da\u00f1os por humedad o deformaci\u00f3n. Un mueble mal nivelado transmite esa desalineaci\u00f3n directamente a la bisagra del frigor\u00edfico nuevo.<\/li>\n<\/ol>\n<h2><span class=\"ez-toc-section\" id=\"frigorificos_integrables_recomendados\"><\/span><span class=\"ez-toc-section\" id=\"frigorificos_integrables_recomendados\"><\/span>Frigor\u00edficos integrables recomendados<span class=\"ez-toc-section-end\"><\/span><span class=\"ez-toc-section-end\"><\/span><\/h2>\n<div style=\"display:flex;gap:20px;flex-wrap:wrap;margin:20px 0;justify-content:center;\">\n<div style=\"flex:1;min-width:150px;max-width:220px;text-align:center;\">\n<img decoding=\"async\" src=\"https:\/\/img.electronow.es\/p\/haier-hams518ew-frigorifico-una-puerta-integrable-e-alto-175-cm-ancho-55-cm-2.jpg\" width=\"200\" height=\"200\" style=\"width:100%;max-width:200px;height:auto;border-radius:4px;\" alt=\"Haier HAMS518EW frigor\u00edfico una puerta integrable blanco\"\/><\/p>\n<p style=\"margin-top:8px;\"><a href=\"https:\/\/www.electronow.es\/haier-hams518ew-frigorifico-una-puerta-integrable-e-alto-175-cm-ancho-55-cm.html\" rel=\"nofollow\">Haier HAMS518EW<\/a><\/p>\n<\/div>\n<div style=\"flex:1;min-width:150px;max-width:220px;text-align:center;\">\n<img decoding=\"async\" src=\"https:\/\/img.electronow.es\/p\/haier-hbqw5518e-frigorifico-combi-nofrost-e-alto-177-cm-ancho-54-cm-blanco-2.jpg\" width=\"200\" height=\"200\" style=\"width:100%;max-width:200px;height:auto;border-radius:4px;\" alt=\"Haier HBQW5518E frigor\u00edfico combi NoFrost integrable blanco\"\/><\/p>\n<p style=\"margin-top:8px;\"><a href=\"https:\/\/www.electronow.es\/haier-hbqw5518e-frigorifico-combi-nofrost-e-alto-177-cm-ancho-54-cm-blanco.html\" rel=\"nofollow\">Haier HBQW5518E<\/a><\/p>\n<\/div>\n<div style=\"flex:1;min-width:150px;max-width:220px;text-align:center;\">\n<img loading=\"lazy\" decoding=\"async\" src=\"https:\/\/img.electronow.es\/p\/hisense-rb3b280sawe-frigorifico-combi-integrable-nofrost-e-alto-193-cm-ancho-54-cm-2.jpg\" width=\"200\" height=\"200\" style=\"width:100%;max-width:200px;height:auto;border-radius:4px;\" alt=\"Hisense RB3B280SAWE frigor\u00edfico combi integrable NoFrost\"\/><\/p>\n<p style=\"margin-top:8px;\"><a href=\"https:\/\/www.electronow.es\/hisense-rb3b280sawe-frigorifico-combi-integrable-nofrost-e-alto-193-cm-ancho-54-cm.html\" rel=\"nofollow\">Hisense RB3B280SAWE<\/a><\/p>\n<\/div>\n<\/div>\n<h2><span class=\"ez-toc-section\" id=\"conclusion\"><\/span><span class=\"ez-toc-section\" id=\"conclusion\"><\/span>Conclusi\u00f3n<span class=\"ez-toc-section-end\"><\/span><span class=\"ez-toc-section-end\"><\/span><\/h2>\n<p>Un integrable da una cocina m\u00e1s limpia visualmente, pero exige m\u00e1s cuidado en la selecci\u00f3n y la instalaci\u00f3n que un convencional. Mide el hueco con margen, comprueba que el modelo ventila por el frontal y no escatimes en la instalaci\u00f3n profesional. Con eso resuelto, el resultado es un aparato que funciona tan bien como uno de libre instalaci\u00f3n pero sin verse.<\/p>\n<h2><span class=\"ez-toc-section\" id=\"articulos_relacionados\"><\/span><span class=\"ez-toc-section\" id=\"articulos_relacionados\"><\/span>Art\u00edculos relacionados<span class=\"ez-toc-section-end\"><\/span><span class=\"ez-toc-section-end\"><\/span><\/h2>\n<ul>\n<li><a href=\"https:\/\/www.electronow.es\/blog\/como-elegir-el-frigorifico-integrable-perfecto\/\">C\u00f3mo elegir el frigor\u00edfico integrable perfecto<\/a><\/li>\n<li><a href=\"https:\/\/www.electronow.es\/blog\/5-razones-para-comprar-un-frigorifico-bajo-encimera\/\">5 razones para comprar un frigor\u00edfico bajo encimera<\/a><\/li>\n<li><a href=\"https:\/\/www.electronow.es\/blog\/cuando-conectar-un-frigorifico-nuevo\/\">\u00bfCu\u00e1ndo conectar un frigor\u00edfico nuevo?<\/a><\/li>\n<\/ul>\n<p><script type=\"application\/ld+json\">\n{\"@context\":\"https:\/\/schema.org\",\"@type\":\"HowTo\",\"name\":\"C\u00f3mo elegir un frigor\u00edfico integrable\",\"description\":\"Gu\u00eda para elegir, instalar y mantener correctamente un frigor\u00edfico integrable en tu cocina.\",\"step\":[{\"@type\":\"HowToStep\",\"name\":\"Mide el hueco con margen\",\"text\":\"Anota ancho, alto y fondo disponibles. El est\u00e1ndar m\u00e1s habitual es 54 cm de ancho. Deja espacio para cable, manguera de desag\u00fce y ventilaci\u00f3n m\u00ednima trasera.\"},{\"@type\":\"HowToStep\",\"name\":\"Elige el tipo seg\u00fan tu espacio y necesidades\",\"text\":\"Combi para uso familiar est\u00e1ndar, una puerta si ya tienes congelador, bajo encimera para cocinas peque\u00f1as. La capacidad recomendada es entre 270 y 320 litros para 3-4 personas.\"},{\"@type\":\"HowToStep\",\"name\":\"Comprueba la ventilaci\u00f3n frontal y la bisagra\",\"text\":\"El modelo debe ventilar exclusivamente por el frontal. Revisa el mecanismo de bisagra deslizante: debe moverse sin holgura y sin que la puerta del mueble roce.\"},{\"@type\":\"HowToStep\",\"name\":\"Instala con ayuda profesional y mant\u00e9n las juntas limpias\",\"text\":\"Una bisagra mal alineada arruina el sellado. Despu\u00e9s, limpia las juntas cada dos meses y comprueba la temperatura interior cada seis meses con term\u00f3metro.\"}]}\n<\/script><\/p>\n","protected":false},"excerpt":{"rendered":"<p>Un frigor\u00edfico integrable no es simplemente uno que cabe en un mueble: es un modelo dise\u00f1ado espec\u00edficamente para ventilar por el frontal, porque laterales y trasera van cubiertos por el mueble. Si instalas un convencional en ese hueco sin ventilaci\u00f3n lateral, el compresor trabaja a temperaturas que no soporta y el aparato dura la mitad. [&hellip;]<\/p>\n","protected":false},"author":12,"featured_media":4655,"comment_status":"closed","ping_status":"closed","sticky":false,"template":"","format":"standard","meta":{"_acf_changed":false,"footnotes":""},"categories":[43],"tags":[],"class_list":["post-4510","post","type-post","status-publish","format-standard","has-post-thumbnail","hentry","category-consejos"],"acf":[],"_links":{"self":[{"href":"https:\/\/www.electronow.es\/blog\/wp-json\/wp\/v2\/posts\/4510","targetHints":{"allow":["GET"]}}],"collection":[{"href":"https:\/\/www.electronow.es\/blog\/wp-json\/wp\/v2\/posts"}],"about":[{"href":"https:\/\/www.electronow.es\/blog\/wp-json\/wp\/v2\/types\/post"}],"author":[{"embeddable":true,"href":"https:\/\/www.electronow.es\/blog\/wp-json\/wp\/v2\/users\/12"}],"replies":[{"embeddable":true,"href":"https:\/\/www.electronow.es\/blog\/wp-json\/wp\/v2\/comments?post=4510"}],"version-history":[{"count":7,"href":"https:\/\/www.electronow.es\/blog\/wp-json\/wp\/v2\/posts\/4510\/revisions"}],"predecessor-version":[{"id":5065,"href":"https:\/\/www.electronow.es\/blog\/wp-json\/wp\/v2\/posts\/4510\/revisions\/5065"}],"wp:featuredmedia":[{"embeddable":true,"href":"https:\/\/www.electronow.es\/blog\/wp-json\/wp\/v2\/media\/4655"}],"wp:attachment":[{"href":"https:\/\/www.electronow.es\/blog\/wp-json\/wp\/v2\/media?parent=4510"}],"wp:term":[{"taxonomy":"category","embeddable":true,"href":"https:\/\/www.electronow.es\/blog\/wp-json\/wp\/v2\/categories?post=4510"},{"taxonomy":"post_tag","embeddable":true,"href":"https:\/\/www.electronow.es\/blog\/wp-json\/wp\/v2\/tags?post=4510"}],"curies":[{"name":"wp","href":"https:\/\/api.w.org\/{rel}","templated":true}]}}