{"id":4702,"date":"2025-04-10T16:34:28","date_gmt":"2025-04-10T14:34:28","guid":{"rendered":"https:\/\/www.electronow.es\/blog\/?p=4702"},"modified":"2025-04-14T16:55:15","modified_gmt":"2025-04-14T14:55:15","slug":"cuando-es-obligatorio-llevar-la-luz-de-emergencia-en-el-coche","status":"publish","type":"post","link":"https:\/\/www.electronow.es\/blog\/cuando-es-obligatorio-llevar-la-luz-de-emergencia-en-el-coche\/","title":{"rendered":"\u00bfCu\u00e1ndo es obligatorio llevar la luz de emergencia en el coche?"},"content":{"rendered":"\n<p>Si conduces en Espa\u00f1a, es fundamental saber <strong>cu\u00e1ndo es obligatorio llevar la luz de emergencia en el coche<\/strong>. La normativa de la DGT ha cambiado en los \u00faltimos a\u00f1os, y muchos conductores a\u00fan tienen dudas sobre c\u00f3mo cumplirla correctamente.<\/p>\n\n\n\n<p>Desde ya, puedes <a href=\"https:\/\/www.electronow.es\/help-flash-flash-iot-dgt.html\">comprar una luz de emergencia homologada por la DGT al mejor precio<\/a> en nuestra tienda online, con env\u00edo r\u00e1pido y garant\u00eda de calidad. Adelantarse a la ley es tambi\u00e9n una forma de protegerte.<\/p>\n\n\n\n<p>Con la introducci\u00f3n de las nuevas balizas luminosas, especialmente las que incluyen conectividad y geolocalizaci\u00f3n, se busca <strong>mejorar la seguridad vial y reducir los accidentes por atropello<\/strong> al se\u00f1alizar una parada de emergencia.<\/p>\n\n\n\n<h3 class=\"wp-block-heading\"><span class=\"ez-toc-section\" id=\"%c2%bfque_es_y_como_funciona_la_luz_de_emergencia_en_el_coche\"><\/span>\u00bfQu\u00e9 es y c\u00f3mo funciona la luz de emergencia en el coche?<span class=\"ez-toc-section-end\"><\/span><\/h3>\n\n\n\n<p>La tradicional colocaci\u00f3n de tri\u00e1ngulos reflectantes est\u00e1 siendo sustituida por una soluci\u00f3n m\u00e1s avanzada: <strong>un dispositivo aut\u00f3nomo, luminoso y conectado<\/strong>, que se coloca en el techo del veh\u00edculo y <strong>alerta de forma inmediata a otros conductores<\/strong>.<\/p>\n\n\n\n<p>Este sistema emite luz visible en todas direcciones, y algunos modelos incorporan <strong>conexi\u00f3n IoT y geolocalizaci\u00f3n<\/strong> para enviar la posici\u00f3n del veh\u00edculo a la nube DGT 3.0 de forma an\u00f3nima. As\u00ed, se genera una alerta digital que mejora la respuesta del resto de usuarios de la v\u00eda.<\/p>\n\n\n\n<h3 class=\"wp-block-heading\"><span class=\"ez-toc-section\" id=\"%c2%bfcuando_es_obligatorio_llevar_la_luz_de_emergencia_en_el_coche\"><\/span>\u00bfCu\u00e1ndo es obligatorio llevar la luz de emergencia en el coche?<span class=\"ez-toc-section-end\"><\/span><\/h3>\n\n\n\n<p>Aunque desde 2021 ya es legal su uso como alternativa a los tri\u00e1ngulos, ser\u00e1 a partir del <strong>1 de enero de 2026<\/strong> cuando este dispositivo pase a ser <strong>obligatorio<\/strong> en todos los veh\u00edculos que circulen por Espa\u00f1a.<br>Para entonces, deber\u00e1 cumplir los requisitos t\u00e9cnicos exigidos por la DGT: <strong>conectividad integrada, visibilidad reglamentaria y homologaci\u00f3n oficial<\/strong>.<\/p>\n\n\n\n<p><strong>Resumen pr\u00e1ctico<\/strong>:<\/p>\n\n\n\n<figure class=\"wp-block-table\"><table><thead><tr><th>Situaci\u00f3n<\/th><th>\u00bfDebo llevar la luz?<\/th><th>\u00bfTri\u00e1ngulos v\u00e1lidos?<\/th><th>\u00bfQu\u00e9 recomienda la DGT?<\/th><\/tr><\/thead><tbody><tr><td>Aver\u00eda en carretera<\/td><td>S\u00ed, desde 2026 obligatorio<\/td><td>S\u00ed, hasta 2025<\/td><td>Usar se\u00f1al luminosa desde ya<\/td><\/tr><tr><td>Emergencia en autopista<\/td><td>Recomendado<\/td><td>No aconsejado<\/td><td>Se\u00f1al inteligente<\/td><\/tr><tr><td>Condiciones de baja visibilidad<\/td><td>Muy recomendable<\/td><td>Baja eficacia<\/td><td>Se\u00f1al 360\u00ba<\/td><\/tr><tr><td>Ciudad o v\u00edas urbanas<\/td><td>No es obligatoria<\/td><td>No es obligatoria<\/td><td>Llevarla por precauci\u00f3n<\/td><\/tr><tr><td>Veh\u00edculos comerciales o de reparto<\/td><td>Obligatoria desde 2026<\/td><td>Aceptados hasta 2025<\/td><td>Transici\u00f3n anticipada<\/td><\/tr><\/tbody><\/table><\/figure>\n\n\n\n<h3 class=\"wp-block-heading\"><span class=\"ez-toc-section\" id=\"caracteristicas_clave_de_la_nueva_luz_de_emergencia\"><\/span>Caracter\u00edsticas clave de la nueva luz de emergencia<span class=\"ez-toc-section-end\"><\/span><\/h3>\n\n\n\n<p>Este tipo de baliza no es solo una luz intermitente. Est\u00e1 dise\u00f1ada para ofrecer <strong>la m\u00e1xima seguridad con la m\u00ednima intervenci\u00f3n<\/strong>. Estas son las prestaciones que debes buscar en tu luz de emergencia:<\/p>\n\n\n\n<ul class=\"wp-block-list\">\n<li>\ud83d\udca1 <strong>Visible a 1 km y con cobertura 360\u00ba<\/strong>, que sea visible con lluvia o niebla.<\/li>\n\n\n\n<li>\ud83c\udf10 <strong>Conectividad IoT<\/strong>, que permita transmitir la se\u00f1al a trav\u00e9s de redes m\u00f3viles.<\/li>\n\n\n\n<li>\ud83d\udce1 <strong>Geolocalizaci\u00f3n en tiempo real<\/strong>, que env\u00ede tu ubicaci\u00f3n a la nube DGT 3.0.<\/li>\n\n\n\n<li>\u26a1 <strong>Totalmente aut\u00f3noma<\/strong>, que funcione sin cables y con bater\u00eda incorporada.<\/li>\n\n\n\n<li>\ud83e\uddf2 <strong>Instalaci\u00f3n inmediata<\/strong>, si por ejemplo dispone de base imantada.<\/li>\n\n\n\n<li>\ud83d\udce6 <strong>Ligera, compacta y f\u00e1cil de guardar<\/strong> para que puedas guardarla en cualquier parte del coche.<\/li>\n\n\n\n<li>\ud83d\udca7 <strong>Protecci\u00f3n IP54<\/strong>, que sea resistente a agua y polvo.<\/li>\n\n\n\n<li>\u2705 <strong>Homologada seg\u00fan la normativa DGT vigente<\/strong>: Imprescindible,<\/li>\n<\/ul>\n\n\n\n<p>Gracias a estas funciones, no necesitas abandonar el veh\u00edculo en caso de emergencia. <strong>Solo tienes que colocarla en el techo y activar el dispositivo<\/strong>. Todo lo dem\u00e1s, lo hace sola.<\/p>\n\n\n\n<h3 class=\"wp-block-heading\"><span class=\"ez-toc-section\" id=\"%c2%bfpor_que_esta_baliza_sustituye_a_los_triangulos\"><\/span>\u00bfPor qu\u00e9 esta baliza sustituye a los tri\u00e1ngulos?<span class=\"ez-toc-section-end\"><\/span><\/h3>\n\n\n\n<p>El objetivo es claro: <strong>evitar que el conductor tenga que salir del veh\u00edculo<\/strong>, especialmente en autopistas o condiciones peligrosas. Muchos accidentes han ocurrido precisamente por esa acci\u00f3n.<\/p>\n\n\n\n<p>Adem\u00e1s, la luz conectada se convierte en un <strong>elemento activo en el ecosistema digital del tr\u00e1fico<\/strong>. Su se\u00f1al se integra en la nube de la DGT, lo que permite avisar en tiempo real a otros conductores a trav\u00e9s de paneles luminosos, aplicaciones o navegadores conectados.<\/p>\n\n\n\n<h3 class=\"wp-block-heading\"><span class=\"ez-toc-section\" id=\"%c2%bfy_si_aun_tengo_los_triangulos_%c2%bfpuedo_seguir_usandolos\"><\/span>\u00bfY si a\u00fan tengo los tri\u00e1ngulos? \u00bfPuedo seguir us\u00e1ndolos?<span class=\"ez-toc-section-end\"><\/span><\/h3>\n\n\n\n<figure class=\"wp-block-image size-large\"><img fetchpriority=\"high\" decoding=\"async\" width=\"1024\" height=\"683\" src=\"https:\/\/www.electronow.es\/blog\/wp-content\/uploads\/2025\/04\/Cuando-es-obligatorio-llevar-la-luz-de-emergencia-en-el-coche-2-1024x683.jpg\" alt=\"Cu\u00e1ndo es obligatorio llevar la luz de emergencia en el coche\" class=\"wp-image-4708\" srcset=\"https:\/\/www.electronow.es\/blog\/wp-content\/uploads\/2025\/04\/Cuando-es-obligatorio-llevar-la-luz-de-emergencia-en-el-coche-2-1024x683.jpg 1024w, https:\/\/www.electronow.es\/blog\/wp-content\/uploads\/2025\/04\/Cuando-es-obligatorio-llevar-la-luz-de-emergencia-en-el-coche-2-300x200.jpg 300w, https:\/\/www.electronow.es\/blog\/wp-content\/uploads\/2025\/04\/Cuando-es-obligatorio-llevar-la-luz-de-emergencia-en-el-coche-2-768x512.jpg 768w, https:\/\/www.electronow.es\/blog\/wp-content\/uploads\/2025\/04\/Cuando-es-obligatorio-llevar-la-luz-de-emergencia-en-el-coche-2-1536x1024.jpg 1536w, https:\/\/www.electronow.es\/blog\/wp-content\/uploads\/2025\/04\/Cuando-es-obligatorio-llevar-la-luz-de-emergencia-en-el-coche-2-2048x1365.jpg 2048w\" sizes=\"(max-width: 1024px) 100vw, 1024px\" \/><\/figure>\n\n\n\n<p>S\u00ed, <strong>hasta el 31 de diciembre de 2025<\/strong> los tri\u00e1ngulos seguir\u00e1n siendo v\u00e1lidos. Pero ten en cuenta que:<\/p>\n\n\n\n<ul class=\"wp-block-list\">\n<li>Son menos visibles, especialmente de noche o con lluvia.<\/li>\n\n\n\n<li>Requieren que salgas del veh\u00edculo, con el riesgo que eso conlleva.<\/li>\n\n\n\n<li>No emiten se\u00f1al digital, por lo que no alertan a otros conductores a tiempo real.<\/li>\n<\/ul>\n\n\n\n<p>Por todo esto, cada vez m\u00e1s usuarios optan por <strong>incorporar desde ahora el nuevo dispositivo luminoso<\/strong> en su kit obligatorio. No solo es m\u00e1s seguro, tambi\u00e9n es m\u00e1s eficaz.<\/p>\n\n\n\n<h3 class=\"wp-block-heading\"><span class=\"ez-toc-section\" id=\"conclusion_mejor_prevenir_que_lamentar\"><\/span>Conclusi\u00f3n: mejor prevenir que lamentar<span class=\"ez-toc-section-end\"><\/span><\/h3>\n\n\n\n<p>Ya sabes <strong>cu\u00e1ndo es obligatorio llevar la luz de emergencia en el coche<\/strong> y por qu\u00e9 es una medida que salva vidas. Adelantarte a la normativa no es solo cumplir con la ley, es <strong>protegerte a ti y a los tuyos<\/strong>.<\/p>\n\n\n\n<p>En nuestra tienda online puedes hacerte con una baliza homologada, conectada y lista para usar, <strong>con entrega en 24  horas y garant\u00eda oficial<\/strong>. No lo dejes para el \u00faltimo momento: cuanto antes la tengas, m\u00e1s seguro viajar\u00e1s.<\/p>\n","protected":false},"excerpt":{"rendered":"<p>Si conduces en Espa\u00f1a, es fundamental saber cu\u00e1ndo es obligatorio llevar la luz de emergencia en el coche. La normativa de la DGT ha cambiado en los \u00faltimos a\u00f1os, y muchos conductores a\u00fan tienen dudas sobre c\u00f3mo cumplirla correctamente. Desde ya, puedes comprar una luz de emergencia homologada por la DGT al mejor precio en [&hellip;]<\/p>\n","protected":false},"author":12,"featured_media":4706,"comment_status":"closed","ping_status":"closed","sticky":false,"template":"","format":"standard","meta":{"_acf_changed":false,"footnotes":""},"categories":[43],"tags":[],"class_list":["post-4702","post","type-post","status-publish","format-standard","has-post-thumbnail","hentry","category-consejos"],"acf":[],"_links":{"self":[{"href":"https:\/\/www.electronow.es\/blog\/wp-json\/wp\/v2\/posts\/4702","targetHints":{"allow":["GET"]}}],"collection":[{"href":"https:\/\/www.electronow.es\/blog\/wp-json\/wp\/v2\/posts"}],"about":[{"href":"https:\/\/www.electronow.es\/blog\/wp-json\/wp\/v2\/types\/post"}],"author":[{"embeddable":true,"href":"https:\/\/www.electronow.es\/blog\/wp-json\/wp\/v2\/users\/12"}],"replies":[{"embeddable":true,"href":"https:\/\/www.electronow.es\/blog\/wp-json\/wp\/v2\/comments?post=4702"}],"version-history":[{"count":3,"href":"https:\/\/www.electronow.es\/blog\/wp-json\/wp\/v2\/posts\/4702\/revisions"}],"predecessor-version":[{"id":4710,"href":"https:\/\/www.electronow.es\/blog\/wp-json\/wp\/v2\/posts\/4702\/revisions\/4710"}],"wp:featuredmedia":[{"embeddable":true,"href":"https:\/\/www.electronow.es\/blog\/wp-json\/wp\/v2\/media\/4706"}],"wp:attachment":[{"href":"https:\/\/www.electronow.es\/blog\/wp-json\/wp\/v2\/media?parent=4702"}],"wp:term":[{"taxonomy":"category","embeddable":true,"href":"https:\/\/www.electronow.es\/blog\/wp-json\/wp\/v2\/categories?post=4702"},{"taxonomy":"post_tag","embeddable":true,"href":"https:\/\/www.electronow.es\/blog\/wp-json\/wp\/v2\/tags?post=4702"}],"curies":[{"name":"wp","href":"https:\/\/api.w.org\/{rel}","templated":true}]}}